{"id":1066,"date":"2021-05-01T16:00:00","date_gmt":"2021-05-01T14:00:00","guid":{"rendered":"http:\/\/www.fabienramadier.com\/?p=1066"},"modified":"2025-04-15T11:56:28","modified_gmt":"2025-04-15T09:56:28","slug":"salle-des-fetes-de-chateaudouble","status":"publish","type":"post","link":"https:\/\/www.fabienramadier.com\/?p=1066","title":{"rendered":"Salle des f\u00eates"},"content":{"rendered":"\n<div class=\"wp-block-columns is-layout-flex wp-container-core-columns-is-layout-9d6595d7 wp-block-columns-is-layout-flex\">\n<div class=\"wp-block-column is-layout-flow wp-block-column-is-layout-flow\" style=\"flex-basis:66.66%\">\n<\/div>\n\n\n\n<div class=\"wp-block-column is-layout-flow wp-block-column-is-layout-flow\" style=\"flex-basis:33.33%\">\n<p class=\"has-text-align-left\"><strong>Lieu :<\/strong> Ch\u00e2teaudouble &#8211; 26 <\/p>\n\n\n\n<p class=\"has-text-align-left\">R\u00c9HABILITATION &#8211; EXTENSION<\/p>\n\n\n\n<hr class=\"wp-block-separator is-style-wide\"\/>\n\n\n\n<p class=\"has-text-align-left\"><strong>Ma\u00eetre d&rsquo;ouvrage <\/strong>: Commune de Ch\u00e2teaudouble<\/p>\n\n\n\n<p class=\"has-text-align-left\"><strong>Architecte <\/strong>: Fabien Ramadier<\/p>\n\n\n\n<p class=\"has-text-align-left\"><strong>Cr\u00e9dits photos :<\/strong> Fabien Ramadier et A\u00eftana Eldin<\/p>\n\n\n\n<p class=\"has-text-align-left\"><strong>Date :<\/strong> 2020<\/p>\n\n\n\n<p class=\"has-text-align-left\"><strong>Programme :<\/strong> R\u00e9habilitation de la salle des f\u00eates<\/p>\n\n\n\n<p class=\"has-text-align-left\"><a href=\"http:\/\/www.fabienramadier.com\/?cat=7\"><strong>PUBLIC<\/strong><\/a><\/p>\n<\/div>\n<\/div>\n\n\n\n<p><\/p>\n","protected":false},"excerpt":{"rendered":"<p><span class=\"excerpt-fade\"><\/span><\/p>\n","protected":false},"author":1,"featured_media":1094,"comment_status":"closed","ping_status":"closed","sticky":false,"template":"","format":"standard","meta":{"ngg_post_thumbnail":0,"footnotes":""},"categories":[7],"tags":[],"class_list":["post-1066","post","type-post","status-publish","format-standard","has-post-thumbnail","hentry","category-public"],"yoast_head":"<!-- This site is optimized with the Yoast SEO plugin v26.1.1 - https:\/\/yoast.com\/wordpress\/plugins\/seo\/ -->\n<title>Salle des f\u00eates - TERRAM architectes<\/title>\n<meta name=\"description\" content=\"Terram architectes, agence d&#039;architecture sp\u00e9cialis\u00e9e dans la r\u00e9novation, construction de maison, de bureaux, de logements, de lieux public\" \/>\n<meta name=\"robots\" content=\"index, follow, max-snippet:-1, max-image-preview:large, max-video-preview:-1\" \/>\n<link rel=\"canonical\" href=\"https:\/\/www.fabienramadier.com\/?p=1066\" \/>\n<meta property=\"og:locale\" content=\"fr_FR\" \/>\n<meta property=\"og:type\" content=\"article\" \/>\n<meta property=\"og:title\" content=\"Salle des f\u00eates - TERRAM architectes\" \/>\n<meta property=\"og:description\" content=\"Terram architectes, agence d&#039;architecture sp\u00e9cialis\u00e9e dans la r\u00e9novation, construction de maison, de bureaux, de logements, de lieux public\" \/>\n<meta property=\"og:url\" content=\"https:\/\/www.fabienramadier.com\/?p=1066\" \/>\n<meta property=\"og:site_name\" content=\"TERRAM architectes\" \/>\n<meta property=\"article:published_time\" content=\"2021-05-01T14:00:00+00:00\" \/>\n<meta property=\"article:modified_time\" content=\"2025-04-15T09:56:28+00:00\" \/>\n<meta property=\"og:image\" content=\"https:\/\/www.fabienramadier.com\/wp-content\/uploads\/2021\/12\/Fabienramadier-Chateaudouble-salle-des-fetes-10.jpg\" \/>\n\t<meta property=\"og:image:width\" content=\"1200\" \/>\n\t<meta property=\"og:image:height\" content=\"801\" \/>\n\t<meta property=\"og:image:type\" content=\"image\/jpeg\" \/>\n<meta name=\"author\" content=\"fabienramadier\" \/>\n<meta name=\"twitter:card\" content=\"summary_large_image\" \/>\n<meta name=\"twitter:label1\" content=\"\u00c9crit par\" \/>\n\t<meta name=\"twitter:data1\" content=\"fabienramadier\" \/>\n<script type=\"application\/ld+json\" class=\"yoast-schema-graph\">{\"@context\":\"https:\/\/schema.org\",\"@graph\":[{\"@type\":\"Article\",\"@id\":\"https:\/\/www.fabienramadier.com\/?p=1066#article\",\"isPartOf\":{\"@id\":\"https:\/\/www.fabienramadier.com\/?p=1066\"},\"author\":{\"name\":\"fabienramadier\",\"@id\":\"http:\/\/www.fabienramadier.com\/#\/schema\/person\/65fda2ae45478f846d35dd74273c5d9d\"},\"headline\":\"Salle des f\u00eates\",\"datePublished\":\"2021-05-01T14:00:00+00:00\",\"dateModified\":\"2025-04-15T09:56:28+00:00\",\"mainEntityOfPage\":{\"@id\":\"https:\/\/www.fabienramadier.com\/?p=1066\"},\"wordCount\":45,\"publisher\":{\"@id\":\"http:\/\/www.fabienramadier.com\/#organization\"},\"image\":{\"@id\":\"https:\/\/www.fabienramadier.com\/?p=1066#primaryimage\"},\"thumbnailUrl\":\"https:\/\/www.fabienramadier.com\/wp-content\/uploads\/2021\/12\/Fabienramadier-Chateaudouble-salle-des-fetes-10.jpg\",\"articleSection\":[\"Public\"],\"inLanguage\":\"fr-FR\"},{\"@type\":\"WebPage\",\"@id\":\"https:\/\/www.fabienramadier.com\/?p=1066\",\"url\":\"https:\/\/www.fabienramadier.com\/?p=1066\",\"name\":\"Salle des f\u00eates - TERRAM architectes\",\"isPartOf\":{\"@id\":\"http:\/\/www.fabienramadier.com\/#website\"},\"primaryImageOfPage\":{\"@id\":\"https:\/\/www.fabienramadier.com\/?p=1066#primaryimage\"},\"image\":{\"@id\":\"https:\/\/www.fabienramadier.com\/?p=1066#primaryimage\"},\"thumbnailUrl\":\"https:\/\/www.fabienramadier.com\/wp-content\/uploads\/2021\/12\/Fabienramadier-Chateaudouble-salle-des-fetes-10.jpg\",\"datePublished\":\"2021-05-01T14:00:00+00:00\",\"dateModified\":\"2025-04-15T09:56:28+00:00\",\"description\":\"Terram architectes, agence d'architecture sp\u00e9cialis\u00e9e dans la r\u00e9novation, construction de maison, de bureaux, de logements, de lieux public\",\"breadcrumb\":{\"@id\":\"https:\/\/www.fabienramadier.com\/?p=1066#breadcrumb\"},\"inLanguage\":\"fr-FR\",\"potentialAction\":[{\"@type\":\"ReadAction\",\"target\":[\"https:\/\/www.fabienramadier.com\/?p=1066\"]}]},{\"@type\":\"ImageObject\",\"inLanguage\":\"fr-FR\",\"@id\":\"https:\/\/www.fabienramadier.com\/?p=1066#primaryimage\",\"url\":\"https:\/\/www.fabienramadier.com\/wp-content\/uploads\/2021\/12\/Fabienramadier-Chateaudouble-salle-des-fetes-10.jpg\",\"contentUrl\":\"https:\/\/www.fabienramadier.com\/wp-content\/uploads\/2021\/12\/Fabienramadier-Chateaudouble-salle-des-fetes-10.jpg\",\"width\":1200,\"height\":801},{\"@type\":\"BreadcrumbList\",\"@id\":\"https:\/\/www.fabienramadier.com\/?p=1066#breadcrumb\",\"itemListElement\":[{\"@type\":\"ListItem\",\"position\":1,\"name\":\"Accueil\",\"item\":\"http:\/\/www.fabienramadier.com\/\"},{\"@type\":\"ListItem\",\"position\":2,\"name\":\"Salle des f\u00eates\"}]},{\"@type\":\"WebSite\",\"@id\":\"http:\/\/www.fabienramadier.com\/#website\",\"url\":\"http:\/\/www.fabienramadier.com\/\",\"name\":\"TERRAM architectes\",\"description\":\"\",\"publisher\":{\"@id\":\"http:\/\/www.fabienramadier.com\/#organization\"},\"potentialAction\":[{\"@type\":\"SearchAction\",\"target\":{\"@type\":\"EntryPoint\",\"urlTemplate\":\"http:\/\/www.fabienramadier.com\/?s={search_term_string}\"},\"query-input\":{\"@type\":\"PropertyValueSpecification\",\"valueRequired\":true,\"valueName\":\"search_term_string\"}}],\"inLanguage\":\"fr-FR\"},{\"@type\":\"Organization\",\"@id\":\"http:\/\/www.fabienramadier.com\/#organization\",\"name\":\"TERRAM architectes\",\"url\":\"http:\/\/www.fabienramadier.com\/\",\"logo\":{\"@type\":\"ImageObject\",\"inLanguage\":\"fr-FR\",\"@id\":\"http:\/\/www.fabienramadier.com\/#\/schema\/logo\/image\/\",\"url\":\"https:\/\/www.fabienramadier.com\/wp-content\/uploads\/2023\/07\/cropped-Logo-TERRAM-Archi-horizontal-petit-HD.png\",\"contentUrl\":\"https:\/\/www.fabienramadier.com\/wp-content\/uploads\/2023\/07\/cropped-Logo-TERRAM-Archi-horizontal-petit-HD.png\",\"width\":1929,\"height\":438,\"caption\":\"TERRAM architectes\"},\"image\":{\"@id\":\"http:\/\/www.fabienramadier.com\/#\/schema\/logo\/image\/\"},\"sameAs\":[\"https:\/\/www.instagram.com\/terram_architectes\/\"]},{\"@type\":\"Person\",\"@id\":\"http:\/\/www.fabienramadier.com\/#\/schema\/person\/65fda2ae45478f846d35dd74273c5d9d\",\"name\":\"fabienramadier\",\"image\":{\"@type\":\"ImageObject\",\"inLanguage\":\"fr-FR\",\"@id\":\"http:\/\/www.fabienramadier.com\/#\/schema\/person\/image\/\",\"url\":\"https:\/\/secure.gravatar.com\/avatar\/fb68746e40ca30973a8b2245e8d83832d4bce1a0913f2091c42d84b28aa3950f?s=96&d=mm&r=g\",\"contentUrl\":\"https:\/\/secure.gravatar.com\/avatar\/fb68746e40ca30973a8b2245e8d83832d4bce1a0913f2091c42d84b28aa3950f?s=96&d=mm&r=g\",\"caption\":\"fabienramadier\"},\"url\":\"https:\/\/www.fabienramadier.com\/?author=1\"}]}<\/script>\n<!-- \/ Yoast SEO plugin. -->","yoast_head_json":{"title":"Salle des f\u00eates - TERRAM architectes","description":"Terram architectes, agence d'architecture sp\u00e9cialis\u00e9e dans la r\u00e9novation, construction de maison, de bureaux, de logements, de lieux public","robots":{"index":"index","follow":"follow","max-snippet":"max-snippet:-1","max-image-preview":"max-image-preview:large","max-video-preview":"max-video-preview:-1"},"canonical":"https:\/\/www.fabienramadier.com\/?p=1066","og_locale":"fr_FR","og_type":"article","og_title":"Salle des f\u00eates - TERRAM architectes","og_description":"Terram architectes, agence d'architecture sp\u00e9cialis\u00e9e dans la r\u00e9novation, construction de maison, de bureaux, de logements, de lieux public","og_url":"https:\/\/www.fabienramadier.com\/?p=1066","og_site_name":"TERRAM architectes","article_published_time":"2021-05-01T14:00:00+00:00","article_modified_time":"2025-04-15T09:56:28+00:00","og_image":[{"width":1200,"height":801,"url":"https:\/\/www.fabienramadier.com\/wp-content\/uploads\/2021\/12\/Fabienramadier-Chateaudouble-salle-des-fetes-10.jpg","type":"image\/jpeg"}],"author":"fabienramadier","twitter_card":"summary_large_image","twitter_misc":{"\u00c9crit par":"fabienramadier"},"schema":{"@context":"https:\/\/schema.org","@graph":[{"@type":"Article","@id":"https:\/\/www.fabienramadier.com\/?p=1066#article","isPartOf":{"@id":"https:\/\/www.fabienramadier.com\/?p=1066"},"author":{"name":"fabienramadier","@id":"http:\/\/www.fabienramadier.com\/#\/schema\/person\/65fda2ae45478f846d35dd74273c5d9d"},"headline":"Salle des f\u00eates","datePublished":"2021-05-01T14:00:00+00:00","dateModified":"2025-04-15T09:56:28+00:00","mainEntityOfPage":{"@id":"https:\/\/www.fabienramadier.com\/?p=1066"},"wordCount":45,"publisher":{"@id":"http:\/\/www.fabienramadier.com\/#organization"},"image":{"@id":"https:\/\/www.fabienramadier.com\/?p=1066#primaryimage"},"thumbnailUrl":"https:\/\/www.fabienramadier.com\/wp-content\/uploads\/2021\/12\/Fabienramadier-Chateaudouble-salle-des-fetes-10.jpg","articleSection":["Public"],"inLanguage":"fr-FR"},{"@type":"WebPage","@id":"https:\/\/www.fabienramadier.com\/?p=1066","url":"https:\/\/www.fabienramadier.com\/?p=1066","name":"Salle des f\u00eates - TERRAM architectes","isPartOf":{"@id":"http:\/\/www.fabienramadier.com\/#website"},"primaryImageOfPage":{"@id":"https:\/\/www.fabienramadier.com\/?p=1066#primaryimage"},"image":{"@id":"https:\/\/www.fabienramadier.com\/?p=1066#primaryimage"},"thumbnailUrl":"https:\/\/www.fabienramadier.com\/wp-content\/uploads\/2021\/12\/Fabienramadier-Chateaudouble-salle-des-fetes-10.jpg","datePublished":"2021-05-01T14:00:00+00:00","dateModified":"2025-04-15T09:56:28+00:00","description":"Terram architectes, agence d'architecture sp\u00e9cialis\u00e9e dans la r\u00e9novation, construction de maison, de bureaux, de logements, de lieux public","breadcrumb":{"@id":"https:\/\/www.fabienramadier.com\/?p=1066#breadcrumb"},"inLanguage":"fr-FR","potentialAction":[{"@type":"ReadAction","target":["https:\/\/www.fabienramadier.com\/?p=1066"]}]},{"@type":"ImageObject","inLanguage":"fr-FR","@id":"https:\/\/www.fabienramadier.com\/?p=1066#primaryimage","url":"https:\/\/www.fabienramadier.com\/wp-content\/uploads\/2021\/12\/Fabienramadier-Chateaudouble-salle-des-fetes-10.jpg","contentUrl":"https:\/\/www.fabienramadier.com\/wp-content\/uploads\/2021\/12\/Fabienramadier-Chateaudouble-salle-des-fetes-10.jpg","width":1200,"height":801},{"@type":"BreadcrumbList","@id":"https:\/\/www.fabienramadier.com\/?p=1066#breadcrumb","itemListElement":[{"@type":"ListItem","position":1,"name":"Accueil","item":"http:\/\/www.fabienramadier.com\/"},{"@type":"ListItem","position":2,"name":"Salle des f\u00eates"}]},{"@type":"WebSite","@id":"http:\/\/www.fabienramadier.com\/#website","url":"http:\/\/www.fabienramadier.com\/","name":"TERRAM architectes","description":"","publisher":{"@id":"http:\/\/www.fabienramadier.com\/#organization"},"potentialAction":[{"@type":"SearchAction","target":{"@type":"EntryPoint","urlTemplate":"http:\/\/www.fabienramadier.com\/?s={search_term_string}"},"query-input":{"@type":"PropertyValueSpecification","valueRequired":true,"valueName":"search_term_string"}}],"inLanguage":"fr-FR"},{"@type":"Organization","@id":"http:\/\/www.fabienramadier.com\/#organization","name":"TERRAM architectes","url":"http:\/\/www.fabienramadier.com\/","logo":{"@type":"ImageObject","inLanguage":"fr-FR","@id":"http:\/\/www.fabienramadier.com\/#\/schema\/logo\/image\/","url":"https:\/\/www.fabienramadier.com\/wp-content\/uploads\/2023\/07\/cropped-Logo-TERRAM-Archi-horizontal-petit-HD.png","contentUrl":"https:\/\/www.fabienramadier.com\/wp-content\/uploads\/2023\/07\/cropped-Logo-TERRAM-Archi-horizontal-petit-HD.png","width":1929,"height":438,"caption":"TERRAM architectes"},"image":{"@id":"http:\/\/www.fabienramadier.com\/#\/schema\/logo\/image\/"},"sameAs":["https:\/\/www.instagram.com\/terram_architectes\/"]},{"@type":"Person","@id":"http:\/\/www.fabienramadier.com\/#\/schema\/person\/65fda2ae45478f846d35dd74273c5d9d","name":"fabienramadier","image":{"@type":"ImageObject","inLanguage":"fr-FR","@id":"http:\/\/www.fabienramadier.com\/#\/schema\/person\/image\/","url":"https:\/\/secure.gravatar.com\/avatar\/fb68746e40ca30973a8b2245e8d83832d4bce1a0913f2091c42d84b28aa3950f?s=96&d=mm&r=g","contentUrl":"https:\/\/secure.gravatar.com\/avatar\/fb68746e40ca30973a8b2245e8d83832d4bce1a0913f2091c42d84b28aa3950f?s=96&d=mm&r=g","caption":"fabienramadier"},"url":"https:\/\/www.fabienramadier.com\/?author=1"}]}},"_links":{"self":[{"href":"https:\/\/www.fabienramadier.com\/index.php?rest_route=\/wp\/v2\/posts\/1066","targetHints":{"allow":["GET"]}}],"collection":[{"href":"https:\/\/www.fabienramadier.com\/index.php?rest_route=\/wp\/v2\/posts"}],"about":[{"href":"https:\/\/www.fabienramadier.com\/index.php?rest_route=\/wp\/v2\/types\/post"}],"author":[{"embeddable":true,"href":"https:\/\/www.fabienramadier.com\/index.php?rest_route=\/wp\/v2\/users\/1"}],"replies":[{"embeddable":true,"href":"https:\/\/www.fabienramadier.com\/index.php?rest_route=%2Fwp%2Fv2%2Fcomments&post=1066"}],"version-history":[{"count":17,"href":"https:\/\/www.fabienramadier.com\/index.php?rest_route=\/wp\/v2\/posts\/1066\/revisions"}],"predecessor-version":[{"id":2112,"href":"https:\/\/www.fabienramadier.com\/index.php?rest_route=\/wp\/v2\/posts\/1066\/revisions\/2112"}],"wp:featuredmedia":[{"embeddable":true,"href":"https:\/\/www.fabienramadier.com\/index.php?rest_route=\/wp\/v2\/media\/1094"}],"wp:attachment":[{"href":"https:\/\/www.fabienramadier.com\/index.php?rest_route=%2Fwp%2Fv2%2Fmedia&parent=1066"}],"wp:term":[{"taxonomy":"category","embeddable":true,"href":"https:\/\/www.fabienramadier.com\/index.php?rest_route=%2Fwp%2Fv2%2Fcategories&post=1066"},{"taxonomy":"post_tag","embeddable":true,"href":"https:\/\/www.fabienramadier.com\/index.php?rest_route=%2Fwp%2Fv2%2Ftags&post=1066"}],"curies":[{"name":"wp","href":"https:\/\/api.w.org\/{rel}","templated":true}]}}